{"id":703,"date":"2020-03-05T16:16:19","date_gmt":"2020-03-05T15:16:19","guid":{"rendered":"https:\/\/changefund.social\/?p=703"},"modified":"2020-03-05T16:16:19","modified_gmt":"2020-03-05T15:16:19","slug":"change-investit-dans-ethiquable-pour-faire-grandir-le-commerce-equitable","status":"publish","type":"post","link":"https:\/\/changefund.social\/fr\/change-investit-dans-ethiquable-pour-faire-grandir-le-commerce-equitable\/","title":{"rendered":"Change investit dans Ethiquable pour faire grandir le commerce \u00e9quitable"},"content":{"rendered":"<p><strong>Change, le fonds d\u2019investissement \u00e0 impact social de Cr\u00e9dal investit dans \u00a0Ethiquable. Cet investissement permettra de faire grandir un acteur de pointe du commerce \u00e9quitable en Belgique.<\/strong><\/p>\n<p>2020 d\u00e9bute sur les chapeaux de roue pour Change puisque dans la foul\u00e9e de l\u2019annonce du partenariat avec Waio, c\u2019est Ethiquable qui a \u00e9t\u00e9 s\u00e9lectionn\u00e9 pour \u00eatre financ\u00e9 et accompagn\u00e9 par le fonds d\u2019investissement. Philippe Herbiet, coordinateur de Change, d\u00e9taille ce choix, \u00ab\u00a0<em>nous sommes particuli\u00e8rement heureux de soutenir le projet d\u2019Ethiquable.\u00a0 Il s\u2019agit d\u2019un acteur pionnier du commerce \u00e9quitable en Belgique. Ce qui nous avons convaincus c\u2019est la volont\u00e9 d\u2019Ethiquable de d\u00e9velopper des partenariats de long terme avec les producteurs des pays du sud. Mais notre investissement permet \u00e9galement de soutenir la vision de croissance d\u2019Ethiquable en Belgique, notamment via le d\u00e9veloppement de leur nouveau p\u00f4le logistique.\u00a0\u00bb <\/em><\/p>\n<p>Ethiquable con\u00e7oit, fabrique et distribue dans le Benelux plus de 120 produits avec 40 coop\u00e9ratives de petits producteurs du Sud travaillant exclusivement dans le respect de l&rsquo;agriculture paysanne. Parmi les nombreuses actions que m\u00e8ne Ethiquable, on retrouve la conception de produits en collaboration directe avec des producteurs du Sud, le soutien de ces producteurs dans la transformation de produits ou encore une aide technique et financi\u00e8re \u00e0 ses partenaires.<\/p>\n<p><strong>Rencontre entre Cr\u00e9dal et Ethiquable<\/strong><\/p>\n<p>Les chemins d\u2019Ethiquable et de Cr\u00e9dal se sont crois\u00e9s il y a quelques ann\u00e9es \u00e0 l\u2019occasion de la remise du prix de l\u2019\u00e9conomie sociale. Les premiers ayant \u00e9t\u00e9 distingu\u00e9s \u00e0 cette occasion alors que les seconds prenaient part au jury. Courant 2019, Ethiquable est revenu vers Cr\u00e9dal lorsqu\u2019ils ont appris le lancement de Change. \u00ab <em>Nous avions besoin de financement pour l\u2019am\u00e9nagement d\u2019un concept immobilier coop\u00e9ratif innovant r\u00e9solument tourn\u00e9 vers l\u2019agriculture paysanne situ\u00e9 \u00e0 Suarl\u00e9e. Nous avons trouv\u00e9 des cr\u00e9dits via Triodos et la Sowecsom. Mais nous avions \u00e9galement besoin de capital pour mener \u00e0 bien ce projet d\u2019entrep\u00f4t. Nous avons donc fait appel \u00e0 Change et Cr\u00e9dal <\/em>\u00bb, explique Vincent De Grelle, administrateur.<\/p>\n<p>Au-del\u00e0 de l\u2019apport financier, ce sont \u00e9galement les valeurs de Change qui ont s\u00e9duit Ethiquable, comme l\u2019explique Stephan Vincent, administrateur, \u00ab\u00a0<em>nous essayons de rester dans notre \u00e9cosyst\u00e8me. Nous souhaitions travailler avec des personnes qui connaissent notre projet, qui ne vont pas chercher un rendement maximum mais qui sont conscientes que la finalit\u00e9 sociale et soci\u00e9tale font partie int\u00e9grante d\u2019Ethiquable.<\/em><\/p>\n","protected":false},"excerpt":{"rendered":"<p>Change, le fonds d\u2019investissement \u00e0 impact social de Cr\u00e9dal investit dans \u00a0Ethiquable. Cet investissement permettra de faire grandir un acteur de pointe du commerce \u00e9quitable en Belgique. 2020 d\u00e9bute sur &hellip; <a href=\"https:\/\/changefund.social\/fr\/change-investit-dans-ethiquable-pour-faire-grandir-le-commerce-equitable\/\" class=\"more-link\">Continuer la lecture<span class=\"screen-reader-text\"> de &laquo;&nbsp;Change investit dans Ethiquable pour faire grandir le commerce \u00e9quitable&nbsp;&raquo;<\/span><\/a><\/p>\n","protected":false},"author":2,"featured_media":623,"comment_status":"open","ping_status":"open","sticky":false,"template":"","format":"standard","meta":[],"categories":[10],"tags":[],"acf":[],"_links":{"self":[{"href":"https:\/\/changefund.social\/fr\/wp-json\/wp\/v2\/posts\/703"}],"collection":[{"href":"https:\/\/changefund.social\/fr\/wp-json\/wp\/v2\/posts"}],"about":[{"href":"https:\/\/changefund.social\/fr\/wp-json\/wp\/v2\/types\/post"}],"author":[{"embeddable":true,"href":"https:\/\/changefund.social\/fr\/wp-json\/wp\/v2\/users\/2"}],"replies":[{"embeddable":true,"href":"https:\/\/changefund.social\/fr\/wp-json\/wp\/v2\/comments?post=703"}],"version-history":[{"count":1,"href":"https:\/\/changefund.social\/fr\/wp-json\/wp\/v2\/posts\/703\/revisions"}],"predecessor-version":[{"id":704,"href":"https:\/\/changefund.social\/fr\/wp-json\/wp\/v2\/posts\/703\/revisions\/704"}],"wp:featuredmedia":[{"embeddable":true,"href":"https:\/\/changefund.social\/fr\/wp-json\/wp\/v2\/media\/623"}],"wp:attachment":[{"href":"https:\/\/changefund.social\/fr\/wp-json\/wp\/v2\/media?parent=703"}],"wp:term":[{"taxonomy":"category","embeddable":true,"href":"https:\/\/changefund.social\/fr\/wp-json\/wp\/v2\/categories?post=703"},{"taxonomy":"post_tag","embeddable":true,"href":"https:\/\/changefund.social\/fr\/wp-json\/wp\/v2\/tags?post=703"}],"curies":[{"name":"wp","href":"https:\/\/api.w.org\/{rel}","templated":true}]}}